{"id":3238,"date":"2025-10-27T15:42:33","date_gmt":"2025-10-27T14:42:33","guid":{"rendered":"https:\/\/www.osteopathe-aguerre-bayonne.fr\/?p=3238"},"modified":"2025-11-25T10:39:33","modified_gmt":"2025-11-25T09:39:33","slug":"une-approche-novatrice-du-systeme-neuro-immunitaire","status":"publish","type":"post","link":"https:\/\/www.osteopathe-aguerre-bayonne.fr\/es\/une-approche-novatrice-du-systeme-neuro-immunitaire\/","title":{"rendered":"Un enfoque innovador del sistema neuroinmune"},"content":{"rendered":"<h3 class=\"wp-block-heading\">Formaci\u00f3n en Neuroinmunoterapia<\/h3>\n\n\n\n<figure class=\"wp-block-image size-large\"><img fetchpriority=\"high\" decoding=\"async\" width=\"1024\" height=\"512\" src=\"https:\/\/www.osteopathe-aguerre-bayonne.fr\/wp-content\/uploads\/2025\/08\/francois_aguerre_Osteopathe-a-bayonne-2-1024x512.jpg\" alt=\"\" class=\"wp-image-1942\" srcset=\"https:\/\/www.osteopathe-aguerre-bayonne.fr\/wp-content\/uploads\/2025\/08\/francois_aguerre_Osteopathe-a-bayonne-2-1024x512.jpg 1024w, https:\/\/www.osteopathe-aguerre-bayonne.fr\/wp-content\/uploads\/2025\/08\/francois_aguerre_Osteopathe-a-bayonne-2-300x150.jpg 300w, https:\/\/www.osteopathe-aguerre-bayonne.fr\/wp-content\/uploads\/2025\/08\/francois_aguerre_Osteopathe-a-bayonne-2-768x384.jpg 768w, https:\/\/www.osteopathe-aguerre-bayonne.fr\/wp-content\/uploads\/2025\/08\/francois_aguerre_Osteopathe-a-bayonne-2-1536x768.jpg 1536w, https:\/\/www.osteopathe-aguerre-bayonne.fr\/wp-content\/uploads\/2025\/08\/francois_aguerre_Osteopathe-a-bayonne-2-18x9.jpg 18w, https:\/\/www.osteopathe-aguerre-bayonne.fr\/wp-content\/uploads\/2025\/08\/francois_aguerre_Osteopathe-a-bayonne-2.jpg 1600w\" sizes=\"(max-width: 1024px) 100vw, 1024px\" \/><\/figure>\n\n\n\n<p>All\u00e1 <strong>Neuroinmunoterapia<\/strong> (O <strong>Neuroterapia<\/strong>) propone un m\u00e9todo de acci\u00f3n sobre el sistema neuroinmune. Est\u00e1 dirigido a profesionales de la salud que deseen profundizar en la comprensi\u00f3n de la relaci\u00f3n entre la estructura corporal y la salud general (fatiga, alergias, eccema, psoriasis, etc.).<\/p>\n\n\n\n<h3 class=\"wp-block-heading\">Los fundamentos del m\u00e9todo<\/h3>\n\n\n\n<p>Principio rector: <strong>La estructura determina la funci\u00f3n<\/strong>. El objetivo es restablecer el equilibrio general (pelvis alineada, piernas de igual longitud, columna vertebral flexible y recta) para mejorar la movilidad, la sinergia corporal y el correcto funcionamiento del sistema neuroinmune.<\/p>\n\n\n\n<h3 class=\"wp-block-heading\">Los objetivos de la formaci\u00f3n<\/h3>\n\n\n\n<p>El objetivo es proporcionar un enfoque claro para identificar y corregir los desequilibrios estructurales que influyen en las respuestas neuroinmunes. La formaci\u00f3n alterna entre la teor\u00eda y la pr\u00e1ctica para su integraci\u00f3n directa en la pr\u00e1ctica profesional.<\/p>\n\n\n\n<h3 class=\"wp-block-heading\">Un enfoque de ense\u00f1anza personalizado<\/h3>\n\n\n\n<p>Cada participante se beneficia de un <strong>apoyo individual<\/strong>. Los materiales did\u00e1cticos (manuales, documentos, recursos digitales) facilitan el aprendizaje progresivo y la aplicaci\u00f3n del m\u00e9todo en la vida diaria.<\/p>\n\n\n\n<h3 class=\"wp-block-heading\">Una educaci\u00f3n reconocida<\/h3>\n\n\n\n<p>Transmitido por un entrenador experimentado, un disc\u00edpulo de <strong>Jacques Gesret<\/strong>, Este m\u00e9todo se difunde internacionalmente y lo practican profesionales formados en Francia, Espa\u00f1a y otros pa\u00edses de Europa. Enriquece la pr\u00e1ctica osteop\u00e1tica y fisioterap\u00e9utica.<\/p>\n\n\n\n<h3 class=\"wp-block-heading\">Obt\u00e9n m\u00e1s informaci\u00f3n o reg\u00edstrate<\/h3>\n\n\n\n<p>Detalles, horario e inscripci\u00f3n: <a href=\"https:\/\/www.osteopathe-aguerre-bayonne.fr\/manual-neuro-immune-therapy\/\" data-type=\"page\" data-id=\"3119\">P\u00e1gina oficial del programa de formaci\u00f3n.<\/a><\/p>\n\n\n\n<p><\/p>","protected":false},"excerpt":{"rendered":"<p>Formation en Neuro-Immuno-th\u00e9rapie La Neuro-Immuno-th\u00e9rapie (ou Neuroth\u00e9rapie) propose une m\u00e9thode d\u2019action sur le syst\u00e8me neuro-immunitaire. Elle s\u2019adresse aux professionnels de sant\u00e9 souhaitant approfondir la relation entre structure corporelle et sant\u00e9 globale (fatigue, allergies, ecz\u00e9ma, psoriasis, etc.). Les fondements de la m\u00e9thode Principe directeur : la structure gouverne la fonction. L\u2019objectif est de r\u00e9tablir un \u00e9quilibre [&hellip;]<\/p>","protected":false},"author":1,"featured_media":0,"comment_status":"closed","ping_status":"closed","sticky":false,"template":"","format":"standard","meta":{"footnotes":""},"categories":[20,19],"tags":[],"class_list":["post-3238","post","type-post","status-publish","format-standard","hentry","category-mnitherapy","category-ostepathie"],"_links":{"self":[{"href":"https:\/\/www.osteopathe-aguerre-bayonne.fr\/es\/wp-json\/wp\/v2\/posts\/3238","targetHints":{"allow":["GET"]}}],"collection":[{"href":"https:\/\/www.osteopathe-aguerre-bayonne.fr\/es\/wp-json\/wp\/v2\/posts"}],"about":[{"href":"https:\/\/www.osteopathe-aguerre-bayonne.fr\/es\/wp-json\/wp\/v2\/types\/post"}],"author":[{"embeddable":true,"href":"https:\/\/www.osteopathe-aguerre-bayonne.fr\/es\/wp-json\/wp\/v2\/users\/1"}],"replies":[{"embeddable":true,"href":"https:\/\/www.osteopathe-aguerre-bayonne.fr\/es\/wp-json\/wp\/v2\/comments?post=3238"}],"version-history":[{"count":5,"href":"https:\/\/www.osteopathe-aguerre-bayonne.fr\/es\/wp-json\/wp\/v2\/posts\/3238\/revisions"}],"predecessor-version":[{"id":3276,"href":"https:\/\/www.osteopathe-aguerre-bayonne.fr\/es\/wp-json\/wp\/v2\/posts\/3238\/revisions\/3276"}],"wp:attachment":[{"href":"https:\/\/www.osteopathe-aguerre-bayonne.fr\/es\/wp-json\/wp\/v2\/media?parent=3238"}],"wp:term":[{"taxonomy":"category","embeddable":true,"href":"https:\/\/www.osteopathe-aguerre-bayonne.fr\/es\/wp-json\/wp\/v2\/categories?post=3238"},{"taxonomy":"post_tag","embeddable":true,"href":"https:\/\/www.osteopathe-aguerre-bayonne.fr\/es\/wp-json\/wp\/v2\/tags?post=3238"}],"curies":[{"name":"wp","href":"https:\/\/api.w.org\/{rel}","templated":true}]}}