{"id":3102,"date":"2025-09-24T16:06:53","date_gmt":"2025-09-24T14:06:53","guid":{"rendered":"https:\/\/www.osteopathe-aguerre-bayonne.fr\/?p=3102"},"modified":"2025-09-24T16:06:55","modified_gmt":"2025-09-24T14:06:55","slug":"pathologies-immunitaires-comprendre-les-zones-cibles","status":"publish","type":"post","link":"https:\/\/www.osteopathe-aguerre-bayonne.fr\/es\/pathologies-immunitaires-comprendre-les-zones-cibles\/","title":{"rendered":"Patolog\u00edas inmunes: comprender las \u00e1reas objetivo"},"content":{"rendered":"<p>El documento <strong>\u201cPatolog\u00edas inmunitarias: \u00e1reas diana\u201d<\/strong> ofrece una lectura original de las reacciones al\u00e9rgicas y autoinmunes. Escrito por Jacques R. Gesret, investigador autodidacta y oste\u00f3pata honoris causa, y Jean-Louis Boutin, explora los v\u00ednculos entre ciertas estructuras anat\u00f3micas (en particular, <strong>ganglio estrellado<\/strong>, las primeras costillas y el sacro) y la aparici\u00f3n de patolog\u00edas como eccemas, psoriasis, asma o incluso ciertas alergias.<\/p>\n\n\n\n<h3 class=\"wp-block-heading\">La hip\u00f3tesis central<\/h3>\n\n\n\n<p>Seg\u00fan este enfoque, las reacciones denominadas \u00abal\u00e9rgicas\u00bb o \u00abinmunes\u00bb no se deber\u00edan \u00fanicamente a causas externas (al\u00e9rgenos, microbios, etc.), sino que ser\u00edan el resultado de una <strong>desequilibrio mec\u00e1nico y nervioso<\/strong>.<\/p>\n\n\n\n<ul class=\"wp-block-list\">\n<li>A <strong>Primera costilla fijada en rotaci\u00f3n posterior<\/strong> jugar\u00eda un papel importante:\n<ul class=\"wp-block-list\">\n<li>a la derecha, promover\u00eda alergias ex\u00f3genas;<\/li>\n\n\n\n<li>A la izquierda, reacciones descritas como autoinmunes.<\/li>\n<\/ul>\n<\/li>\n\n\n\n<li>Este bloqueo alterar\u00eda el ganglio estrellado, saturado de se\u00f1ales nociceptivas, dando lugar a respuestas inadecuadas del sistema inmune.<\/li>\n<\/ul>\n\n\n\n<h3 class=\"wp-block-heading\">La \u201cmelod\u00eda espinal\u201d<\/h3>\n\n\n\n<p>Los autores describen una serie de combinaciones de lesiones caracter\u00edsticas de cada patolog\u00eda:<\/p>\n\n\n\n<ul class=\"wp-block-list\">\n<li><strong>Eczema<\/strong> :primera costilla derecha fija, T9 izquierda bloqueada, sacro en rotaci\u00f3n derecha, pierna corta del mismo lado.<\/li>\n\n\n\n<li><strong>Soriasis<\/strong> :diagrama invertido (costilla izquierda, T9 derecha, sacro izquierdo, pierna corta izquierda).<\/li>\n<\/ul>\n\n\n\n<p>Estos desequilibrios provocar\u00edan da\u00f1os metam\u00e9ricos espec\u00edficos, visibles en la piel o en determinados \u00f3rganos.<\/p>\n\n\n\n<h3 class=\"wp-block-heading\">Implicaciones terap\u00e9uticas<\/h3>\n\n\n\n<p>En lugar de centrarse \u00fanicamente en los s\u00edntomas, este enfoque sugiere que <strong>liberaci\u00f3n de las costillas y el sacro<\/strong> Ayuda a restablecer el equilibrio general y a reducir, o incluso eliminar, las manifestaciones cut\u00e1neas o respiratorias. Los autores citan ejemplos cl\u00ednicos (eccemas infantiles, psoriasis, enfermedades ampollosas) en los que la mejora de las lesiones cut\u00e1neas se acompa\u00f1a de correcci\u00f3n postural.<\/p>\n\n\n\n<h3 class=\"wp-block-heading\">Un cuestionamiento de los dogmas<\/h3>\n\n\n\n<p>El texto desaf\u00eda la noci\u00f3n de &quot;enfermedades autoinmunes&quot; e insiste en la idea de que el cuerpo no crea &quot;patolog\u00edas&quot;, sino que expresa <strong>reacciones defensivas<\/strong> vinculado a informaci\u00f3n nerviosa alterada.<\/p>\n\n\n\n<hr class=\"wp-block-separator has-alpha-channel-opacity\"\/>\n\n\n\n<p>\ud83d\udccc <strong>En resumen<\/strong> :este documento est\u00e1 en l\u00ednea con la <strong>M\u00e9todo Gesret<\/strong>Un enfoque osteop\u00e1tico que vincula la biomec\u00e1nica espinal con los trastornos inmunitarios. Aunque controvertida y no validada cient\u00edficamente por la medicina convencional, esta visi\u00f3n abre caminos de reflexi\u00f3n sobre la interacci\u00f3n entre la postura, el sistema nervioso y las respuestas inmunitarias.<\/p>\n\n\n\n<div data-wp-interactive=\"core\/file\" class=\"wp-block-file\"><object data-wp-bind--hidden=\"!state.hasPdfPreview\" hidden class=\"wp-block-file__embed\" data=\"https:\/\/www.osteopathe-aguerre-bayonne.fr\/wp-content\/uploads\/2025\/09\/Pathologies_immunitaires_les_zones_cibles1.pdf\" type=\"application\/pdf\" style=\"width:100%;height:600px\" aria-label=\"Incrustado en Inmunopatolog\u00edas_las_\u00e1reas_objetivo[1].\"><\/object><a id=\"wp-block-file--media-23d2eaf0-96dd-499a-af22-1d7d851e5546\" href=\"https:\/\/www.osteopathe-aguerre-bayonne.fr\/wp-content\/uploads\/2025\/09\/Pathologies_immunitaires_les_zones_cibles1.pdf\">Patolog\u00edas inmunitarias_\u00e1reas diana[1]<\/a><a href=\"https:\/\/www.osteopathe-aguerre-bayonne.fr\/wp-content\/uploads\/2025\/09\/Pathologies_immunitaires_les_zones_cibles1.pdf\" class=\"wp-block-file__button wp-element-button\" download aria-describedby=\"wp-block-file--media-23d2eaf0-96dd-499a-af22-1d7d851e5546\">Descargar<\/a><\/div>","protected":false},"excerpt":{"rendered":"<p>Le document \u00ab Pathologies immunitaires : les zones cibles \u00bb propose une lecture originale des r\u00e9actions allergiques et auto-immunes. R\u00e9dig\u00e9 par Jacques R. Gesret, chercheur autodidacte et ost\u00e9opathe honoris causa, et Jean-Louis Boutin, il explore les liens entre certaines structures anatomiques (notamment le ganglion stellaire, les premi\u00e8res c\u00f4tes et le sacrum) et l\u2019apparition de pathologies [&hellip;]<\/p>","protected":false},"author":1,"featured_media":0,"comment_status":"closed","ping_status":"closed","sticky":false,"template":"","format":"standard","meta":{"footnotes":""},"categories":[18],"tags":[],"class_list":["post-3102","post","type-post","status-publish","format-standard","hentry","category-methode-gesret"],"_links":{"self":[{"href":"https:\/\/www.osteopathe-aguerre-bayonne.fr\/es\/wp-json\/wp\/v2\/posts\/3102","targetHints":{"allow":["GET"]}}],"collection":[{"href":"https:\/\/www.osteopathe-aguerre-bayonne.fr\/es\/wp-json\/wp\/v2\/posts"}],"about":[{"href":"https:\/\/www.osteopathe-aguerre-bayonne.fr\/es\/wp-json\/wp\/v2\/types\/post"}],"author":[{"embeddable":true,"href":"https:\/\/www.osteopathe-aguerre-bayonne.fr\/es\/wp-json\/wp\/v2\/users\/1"}],"replies":[{"embeddable":true,"href":"https:\/\/www.osteopathe-aguerre-bayonne.fr\/es\/wp-json\/wp\/v2\/comments?post=3102"}],"version-history":[{"count":2,"href":"https:\/\/www.osteopathe-aguerre-bayonne.fr\/es\/wp-json\/wp\/v2\/posts\/3102\/revisions"}],"predecessor-version":[{"id":3105,"href":"https:\/\/www.osteopathe-aguerre-bayonne.fr\/es\/wp-json\/wp\/v2\/posts\/3102\/revisions\/3105"}],"wp:attachment":[{"href":"https:\/\/www.osteopathe-aguerre-bayonne.fr\/es\/wp-json\/wp\/v2\/media?parent=3102"}],"wp:term":[{"taxonomy":"category","embeddable":true,"href":"https:\/\/www.osteopathe-aguerre-bayonne.fr\/es\/wp-json\/wp\/v2\/categories?post=3102"},{"taxonomy":"post_tag","embeddable":true,"href":"https:\/\/www.osteopathe-aguerre-bayonne.fr\/es\/wp-json\/wp\/v2\/tags?post=3102"}],"curies":[{"name":"wp","href":"https:\/\/api.w.org\/{rel}","templated":true}]}}